{"id":6802,"date":"2026-09-02T16:01:47","date_gmt":"2026-09-02T14:01:47","guid":{"rendered":"https:\/\/www.oberberg-ist-bunt.org\/wordpress\/?p=6802"},"modified":"2026-09-02T16:03:08","modified_gmt":"2026-09-02T14:03:08","slug":"nie-wieder-faschismus-nie-wieder-krieg","status":"publish","type":"post","link":"https:\/\/www.oberberg-ist-bunt.org\/wordpress\/nie-wieder-faschismus-nie-wieder-krieg\/","title":{"rendered":"Nie wieder Faschismus &#8211; Nie wieder Krieg!"},"content":{"rendered":"\n<figure class=\"wp-block-image size-large\"><img loading=\"lazy\" decoding=\"async\" width=\"1024\" height=\"409\" src=\"https:\/\/www.oberberg-ist-bunt.org\/wordpress\/wp-content\/uploads\/2026\/09\/Schilder-1024x409.jpg\" alt=\"\" class=\"wp-image-6804\" srcset=\"https:\/\/www.oberberg-ist-bunt.org\/wordpress\/wp-content\/uploads\/2026\/09\/Schilder-1024x409.jpg 1024w, https:\/\/www.oberberg-ist-bunt.org\/wordpress\/wp-content\/uploads\/2026\/09\/Schilder-300x120.jpg 300w, https:\/\/www.oberberg-ist-bunt.org\/wordpress\/wp-content\/uploads\/2026\/09\/Schilder-768x307.jpg 768w, https:\/\/www.oberberg-ist-bunt.org\/wordpress\/wp-content\/uploads\/2026\/09\/Schilder.jpg 1200w\" sizes=\"auto, (max-width: 1024px) 100vw, 1024px\" \/><\/figure>\n\n\n\n<p><br>Der 1. September als Antikriegstag erinnert an den 1. September 1939, als das faschistische Deutschland Europa in die Katastrophe st\u00fcrzte. &#8230; Die Nazis hatten in ihrer Propaganda und in ihrem Handeln von Anfang an auf den Krieg hin gearbeitet.<\/p>\n\n\n\n<p>Wir m\u00fcssen gemeinsam gegen die extreme Rechte, also gegen die AfD auftreten. Nicht nur hier, nicht nur heute, sondern noch viel \u00f6fter und an noch viel mehr Orten. Und nicht nur wir, sondern auch unsere Kolleginnen und Kollegen, unsere Nachbarn, unsere Kinder und unsere Enkel. Dann k\u00f6nnen wir es schaffen, unseren Ort, unser Land, unseren Planeten bewohnbar und lebenswert zu erhalten. Es gibt keine Alternative!<\/p>\n\n\n\n<p>(Aus dem <a href=\"#rede\">Redebeitrag von &#8222;Oberberg ist bunt&#8220;<\/a> bei der Gedenkstunde in Wiehl am 1.9.2026)<\/p>\n\n\n\n<!--more-->\n\n\n\n<p>Auch 2026 fand wieder eine Veranstaltung zum Antikriegstag am FriedensDenkstein in Wiehl statt.<\/p>\n\n\n\n<figure class=\"wp-block-gallery has-nested-images columns-default is-cropped wp-block-gallery-1 is-layout-flex wp-block-gallery-is-layout-flex\">\n<figure class=\"wp-block-image size-large\"><a href=\"https:\/\/www.oberberg-ist-bunt.org\/wordpress\/wp-content\/uploads\/2026\/09\/Monika.jpg\"><img loading=\"lazy\" decoding=\"async\" width=\"900\" height=\"890\" data-id=\"6805\" src=\"https:\/\/www.oberberg-ist-bunt.org\/wordpress\/wp-content\/uploads\/2026\/09\/Monika.jpg\" alt=\"\" class=\"wp-image-6805\" srcset=\"https:\/\/www.oberberg-ist-bunt.org\/wordpress\/wp-content\/uploads\/2026\/09\/Monika.jpg 900w, https:\/\/www.oberberg-ist-bunt.org\/wordpress\/wp-content\/uploads\/2026\/09\/Monika-300x297.jpg 300w, https:\/\/www.oberberg-ist-bunt.org\/wordpress\/wp-content\/uploads\/2026\/09\/Monika-768x759.jpg 768w\" sizes=\"auto, (max-width: 900px) 100vw, 900px\" \/><\/a><figcaption class=\"wp-element-caption\">Monika H\u00f6hn<\/figcaption><\/figure>\n\n\n\n<figure class=\"wp-block-image size-large\"><a href=\"https:\/\/www.oberberg-ist-bunt.org\/wordpress\/wp-content\/uploads\/2026\/09\/Stuecker.jpg\"><img loading=\"lazy\" decoding=\"async\" width=\"1000\" height=\"886\" data-id=\"6806\" src=\"https:\/\/www.oberberg-ist-bunt.org\/wordpress\/wp-content\/uploads\/2026\/09\/Stuecker.jpg\" alt=\"\" class=\"wp-image-6806\" srcset=\"https:\/\/www.oberberg-ist-bunt.org\/wordpress\/wp-content\/uploads\/2026\/09\/Stuecker.jpg 1000w, https:\/\/www.oberberg-ist-bunt.org\/wordpress\/wp-content\/uploads\/2026\/09\/Stuecker-300x266.jpg 300w, https:\/\/www.oberberg-ist-bunt.org\/wordpress\/wp-content\/uploads\/2026\/09\/Stuecker-768x680.jpg 768w\" sizes=\"auto, (max-width: 1000px) 100vw, 1000px\" \/><\/a><figcaption class=\"wp-element-caption\">Ulrich St\u00fccker<\/figcaption><\/figure>\n\n\n\n<figure class=\"wp-block-image size-large\"><a href=\"https:\/\/www.oberberg-ist-bunt.org\/wordpress\/wp-content\/uploads\/2026\/09\/Sohlbach.jpg\"><img loading=\"lazy\" decoding=\"async\" width=\"1000\" height=\"1008\" data-id=\"6807\" src=\"https:\/\/www.oberberg-ist-bunt.org\/wordpress\/wp-content\/uploads\/2026\/09\/Sohlbach.jpg\" alt=\"\" class=\"wp-image-6807\" srcset=\"https:\/\/www.oberberg-ist-bunt.org\/wordpress\/wp-content\/uploads\/2026\/09\/Sohlbach.jpg 1000w, https:\/\/www.oberberg-ist-bunt.org\/wordpress\/wp-content\/uploads\/2026\/09\/Sohlbach-298x300.jpg 298w, https:\/\/www.oberberg-ist-bunt.org\/wordpress\/wp-content\/uploads\/2026\/09\/Sohlbach-150x150.jpg 150w, https:\/\/www.oberberg-ist-bunt.org\/wordpress\/wp-content\/uploads\/2026\/09\/Sohlbach-768x774.jpg 768w\" sizes=\"auto, (max-width: 1000px) 100vw, 1000px\" \/><\/a><figcaption class=\"wp-element-caption\">Ingo Solbach<\/figcaption><\/figure>\n\n\n\n<figure class=\"wp-block-image size-large\"><a href=\"https:\/\/www.oberberg-ist-bunt.org\/wordpress\/wp-content\/uploads\/2026\/09\/Hogrefe.jpg\"><img loading=\"lazy\" decoding=\"async\" width=\"900\" height=\"909\" data-id=\"6808\" src=\"https:\/\/www.oberberg-ist-bunt.org\/wordpress\/wp-content\/uploads\/2026\/09\/Hogrefe.jpg\" alt=\"\" class=\"wp-image-6808\" srcset=\"https:\/\/www.oberberg-ist-bunt.org\/wordpress\/wp-content\/uploads\/2026\/09\/Hogrefe.jpg 900w, https:\/\/www.oberberg-ist-bunt.org\/wordpress\/wp-content\/uploads\/2026\/09\/Hogrefe-297x300.jpg 297w, https:\/\/www.oberberg-ist-bunt.org\/wordpress\/wp-content\/uploads\/2026\/09\/Hogrefe-768x776.jpg 768w\" sizes=\"auto, (max-width: 900px) 100vw, 900px\" \/><\/a><figcaption class=\"wp-element-caption\">Dr. Hedi Hogrefe<\/figcaption><\/figure>\n\n\n\n<figure class=\"wp-block-image size-large\"><a href=\"https:\/\/www.oberberg-ist-bunt.org\/wordpress\/wp-content\/uploads\/2026\/09\/Samira.jpg\"><img loading=\"lazy\" decoding=\"async\" width=\"900\" height=\"931\" data-id=\"6809\" src=\"https:\/\/www.oberberg-ist-bunt.org\/wordpress\/wp-content\/uploads\/2026\/09\/Samira.jpg\" alt=\"\" class=\"wp-image-6809\" srcset=\"https:\/\/www.oberberg-ist-bunt.org\/wordpress\/wp-content\/uploads\/2026\/09\/Samira.jpg 900w, https:\/\/www.oberberg-ist-bunt.org\/wordpress\/wp-content\/uploads\/2026\/09\/Samira-290x300.jpg 290w, https:\/\/www.oberberg-ist-bunt.org\/wordpress\/wp-content\/uploads\/2026\/09\/Samira-768x794.jpg 768w\" sizes=\"auto, (max-width: 900px) 100vw, 900px\" \/><\/a><figcaption class=\"wp-element-caption\">Samira Ibrahim<\/figcaption><\/figure>\n\n\n\n<figure class=\"wp-block-image size-large\"><a href=\"https:\/\/www.oberberg-ist-bunt.org\/wordpress\/wp-content\/uploads\/2026\/09\/GJ.jpg\"><img loading=\"lazy\" decoding=\"async\" width=\"342\" height=\"308\" data-id=\"6810\" src=\"https:\/\/www.oberberg-ist-bunt.org\/wordpress\/wp-content\/uploads\/2026\/09\/GJ.jpg\" alt=\"\" class=\"wp-image-6810\" srcset=\"https:\/\/www.oberberg-ist-bunt.org\/wordpress\/wp-content\/uploads\/2026\/09\/GJ.jpg 342w, https:\/\/www.oberberg-ist-bunt.org\/wordpress\/wp-content\/uploads\/2026\/09\/GJ-300x270.jpg 300w\" sizes=\"auto, (max-width: 342px) 100vw, 342px\" \/><\/a><figcaption class=\"wp-element-caption\">Gerhard Jenders<\/figcaption><\/figure>\n\n\n\n<figure class=\"wp-block-image size-large\"><a href=\"https:\/\/www.oberberg-ist-bunt.org\/wordpress\/wp-content\/uploads\/2026\/09\/Heidari.jpg\"><img loading=\"lazy\" decoding=\"async\" width=\"900\" height=\"864\" data-id=\"6811\" src=\"https:\/\/www.oberberg-ist-bunt.org\/wordpress\/wp-content\/uploads\/2026\/09\/Heidari.jpg\" alt=\"\" class=\"wp-image-6811\" srcset=\"https:\/\/www.oberberg-ist-bunt.org\/wordpress\/wp-content\/uploads\/2026\/09\/Heidari.jpg 900w, https:\/\/www.oberberg-ist-bunt.org\/wordpress\/wp-content\/uploads\/2026\/09\/Heidari-300x288.jpg 300w, https:\/\/www.oberberg-ist-bunt.org\/wordpress\/wp-content\/uploads\/2026\/09\/Heidari-768x737.jpg 768w\" sizes=\"auto, (max-width: 900px) 100vw, 900px\" \/><\/a><figcaption class=\"wp-element-caption\">Dr Mohammad Heidari<\/figcaption><\/figure>\n\n\n\n<figure class=\"wp-block-image size-large\"><a href=\"https:\/\/www.oberberg-ist-bunt.org\/wordpress\/wp-content\/uploads\/2026\/09\/Michael.jpg\"><img loading=\"lazy\" decoding=\"async\" width=\"900\" height=\"775\" data-id=\"6812\" src=\"https:\/\/www.oberberg-ist-bunt.org\/wordpress\/wp-content\/uploads\/2026\/09\/Michael.jpg\" alt=\"\" class=\"wp-image-6812\" srcset=\"https:\/\/www.oberberg-ist-bunt.org\/wordpress\/wp-content\/uploads\/2026\/09\/Michael.jpg 900w, https:\/\/www.oberberg-ist-bunt.org\/wordpress\/wp-content\/uploads\/2026\/09\/Michael-300x258.jpg 300w, https:\/\/www.oberberg-ist-bunt.org\/wordpress\/wp-content\/uploads\/2026\/09\/Michael-768x661.jpg 768w\" sizes=\"auto, (max-width: 900px) 100vw, 900px\" \/><\/a><figcaption class=\"wp-element-caption\">Michael H\u00f6hn<\/figcaption><\/figure>\n\n\n\n<figure class=\"wp-block-image size-large\"><a href=\"https:\/\/www.oberberg-ist-bunt.org\/wordpress\/wp-content\/uploads\/2026\/09\/Monica.jpg\"><img loading=\"lazy\" decoding=\"async\" width=\"885\" height=\"1024\" data-id=\"6813\" src=\"https:\/\/www.oberberg-ist-bunt.org\/wordpress\/wp-content\/uploads\/2026\/09\/Monica-885x1024.jpg\" alt=\"\" class=\"wp-image-6813\" srcset=\"https:\/\/www.oberberg-ist-bunt.org\/wordpress\/wp-content\/uploads\/2026\/09\/Monica-885x1024.jpg 885w, https:\/\/www.oberberg-ist-bunt.org\/wordpress\/wp-content\/uploads\/2026\/09\/Monica-259x300.jpg 259w, https:\/\/www.oberberg-ist-bunt.org\/wordpress\/wp-content\/uploads\/2026\/09\/Monica-768x888.jpg 768w, https:\/\/www.oberberg-ist-bunt.org\/wordpress\/wp-content\/uploads\/2026\/09\/Monica.jpg 900w\" sizes=\"auto, (max-width: 885px) 100vw, 885px\" \/><\/a><figcaption class=\"wp-element-caption\">Monica Buchfeld<\/figcaption><\/figure>\n\n\n\n<figure class=\"wp-block-image size-large\"><a href=\"https:\/\/www.oberberg-ist-bunt.org\/wordpress\/wp-content\/uploads\/2026\/09\/Kurzweyl.jpg\"><img loading=\"lazy\" decoding=\"async\" width=\"1000\" height=\"566\" data-id=\"6814\" src=\"https:\/\/www.oberberg-ist-bunt.org\/wordpress\/wp-content\/uploads\/2026\/09\/Kurzweyl.jpg\" alt=\"\" class=\"wp-image-6814\" srcset=\"https:\/\/www.oberberg-ist-bunt.org\/wordpress\/wp-content\/uploads\/2026\/09\/Kurzweyl.jpg 1000w, https:\/\/www.oberberg-ist-bunt.org\/wordpress\/wp-content\/uploads\/2026\/09\/Kurzweyl-300x170.jpg 300w, https:\/\/www.oberberg-ist-bunt.org\/wordpress\/wp-content\/uploads\/2026\/09\/Kurzweyl-768x435.jpg 768w\" sizes=\"auto, (max-width: 1000px) 100vw, 1000px\" \/><\/a><figcaption class=\"wp-element-caption\">Kurtzweyl<\/figcaption><\/figure>\n\n\n\n<figure class=\"wp-block-image size-large\"><img loading=\"lazy\" decoding=\"async\" width=\"883\" height=\"1024\" data-id=\"6815\" src=\"https:\/\/www.oberberg-ist-bunt.org\/wordpress\/wp-content\/uploads\/2026\/09\/Victor-883x1024.jpg\" alt=\"\" class=\"wp-image-6815\" srcset=\"https:\/\/www.oberberg-ist-bunt.org\/wordpress\/wp-content\/uploads\/2026\/09\/Victor-883x1024.jpg 883w, https:\/\/www.oberberg-ist-bunt.org\/wordpress\/wp-content\/uploads\/2026\/09\/Victor-259x300.jpg 259w, https:\/\/www.oberberg-ist-bunt.org\/wordpress\/wp-content\/uploads\/2026\/09\/Victor-768x891.jpg 768w, https:\/\/www.oberberg-ist-bunt.org\/wordpress\/wp-content\/uploads\/2026\/09\/Victor.jpg 900w\" sizes=\"auto, (max-width: 883px) 100vw, 883px\" \/><figcaption class=\"wp-element-caption\">Victor Repp<\/figcaption><\/figure>\n\n\n\n<figure class=\"wp-block-image size-large\"><a href=\"https:\/\/www.oberberg-ist-bunt.org\/wordpress\/wp-content\/uploads\/2026\/09\/Baum.jpg\"><img loading=\"lazy\" decoding=\"async\" width=\"683\" height=\"1024\" data-id=\"6816\" src=\"https:\/\/www.oberberg-ist-bunt.org\/wordpress\/wp-content\/uploads\/2026\/09\/Baum-683x1024.jpg\" alt=\"\" class=\"wp-image-6816\" srcset=\"https:\/\/www.oberberg-ist-bunt.org\/wordpress\/wp-content\/uploads\/2026\/09\/Baum-683x1024.jpg 683w, https:\/\/www.oberberg-ist-bunt.org\/wordpress\/wp-content\/uploads\/2026\/09\/Baum-200x300.jpg 200w, https:\/\/www.oberberg-ist-bunt.org\/wordpress\/wp-content\/uploads\/2026\/09\/Baum.jpg 700w\" sizes=\"auto, (max-width: 683px) 100vw, 683px\" \/><\/a><figcaption class=\"wp-element-caption\">Pflanzung des Gingko<\/figcaption><\/figure>\n<\/figure>\n\n\n\n<p>Monika H\u00f6hn begr\u00fc\u00dfte die Teilnehmenden und erz\u00e4hlte aus der Geschichte des FriedensDenksteins.<\/p>\n\n\n\n<p>Wiehls B\u00fcrgermeister Ulrich St\u00fccker sieht den 1. September sei ein Auftrag, sich aktiv f\u00fcr den Frieden einzusetzen. Daf\u00fcr braucht es eine starke Demokratie, daf\u00fcr muss die Menschenw\u00fcrde respektiert werden.<\/p>\n\n\n\n<p>Ingo Solbach, stellvertretender B\u00fcrgermeister von Waldbr\u00f6l, sprach \u00fcber die von den Nazis errichtete Mauer in Waldbr\u00f6l, die seit 1982 die Aufschrift &#8222;NIE WIEDER KRIEG&#8220; tr\u00e4gt.<\/p>\n\n\n\n<p>Dr. Hedi Hogrefe berichtete \u00fcber ihre Arbeit als \u00c4rztin in Kriegsgebieten. Sie sieht sich als Stimme der \u00c4rmsten in der Welt: &#8222;Mit den Billionen, die weltweit f\u00fcr Waffen ausgegeben werden, k\u00f6nnten wir das Elend und den Hunger beenden&#8220;<\/p>\n\n\n\n<p>Samira Ibrahim war mit ihrer Mutter aus Somalia gefl\u00fcchtet und ist jetzt Krankenschwester in Gummersbach. Sie rief auf: &#8222;Nie wieder Krieg &#8211; Krieg zerst\u00f6rt alles!&#8220;<\/p>\n\n\n\n<p>Gerhard Jenders erinnerte f\u00fcr &#8222;Oberberg ist bunt&#8220; daran, wie die Nazis auf den Zweiten Weltkrieg hin gearbeitet hatten und rief auf, gemeinsam f\u00fcr Frieden und gegen Rassismus, Nationalismus und Faschismus aufzustehen. <a href=\"#rede\">(Redetext)<\/a><\/p>\n\n\n\n<p>Dr. Mohammad Heidari beschrieb Frieden als eine aktive Kulturleistung, die auf allen Ebenen erlernt und verteidigt werden muss. &#8222;Frieden ist Ausdruck der universellen Werte der Menschlichkeit.&#8220;<\/p>\n\n\n\n<p>Michael H\u00f6hn betonte die christliche Verpflichtung zum Frieden, er bekannte sich zu Pazifismus und gewaltfreiem Widerstand. &#8222;Wir m\u00fcssen Frieden stiften, nicht erk\u00e4mpfen!&#8220;<\/p>\n\n\n\n<p>Monica Buchfeld las aus den <a href=\"#zeitzeugin\">Erinnerungen einer Zeitzeugin<\/a>, die als Kind der \u00dcberfall der Nazi-Truppen auf Polen miterlebt hatte.<\/p>\n\n\n\n<p>Die Gruppe &#8222;Kurtzweyl&#8220; er\u00f6ffnete und beendete das Programm mit Barockmusik von Vivaldi bis Purcell; zwischen den Redebeitr\u00e4gen spielte Victor Repp auf der Panfl\u00f6te.<\/p>\n\n\n\n<p>Zu Abschluss der Gedenkstunde wurde ein Gingko gepflanzt.<\/p>\n\n\n\n<p>Hier der Redebeitrag von &#8222;Oberberg ist bunt&#8220;:<\/p>\n\n\n\n<blockquote class=\"wp-block-quote is-layout-flow wp-block-quote-is-layout-flow\">\n<p class=\"has-black-color has-text-color has-link-color wp-elements-642be0d4d0f30ab7a304625ff6928a76\" id=\"rede\">Der 1. September als Antikriegstag erinnert an den 1. September 1939, als das faschistische Deutschland Europa in die Katastrophe st\u00fcrzte. Deshalb ist mir wichtig, gerade heute \u201eNie wieder Krieg\u201c zu erg\u00e4nzen durch \u201eNie wieder Rassismus \u2013 Nie wieder Nationalismus \u2013 Nie wieder Faschismus!\u201c<\/p>\n\n\n\n<p class=\"has-black-color has-text-color has-link-color wp-elements-4afee91feb23511a8aa74a1453b19dc4\">Damals, am 1. September 1939 titelte die \u201eBergische Wacht\u201c: \u201ePolnischer Angriff auf deutsche Ortschaften\u201c und \u201ePolnische Banden haben die Grenze \u00fcberschritten\u201c. Das waren nat\u00fcrlich &#8222;Fake-News&#8220;, wie man heute sagt, die &#8222;polnischen Banden&#8220; waren eine Inszenierung der SS. Die Propaganda\u2013Maschine der Nazis lief auf Hochtouren und lieferte noch schnell das letzte Paket L\u00fcgen, w\u00e4hrend parallel der \u00dcberfall der deutschen Soldaten auf Polen begann. Als die Menschen im Oberbergischen die Zeitung in H\u00e4nden hielten, waren die Truppen der Nazi-Wehrmacht schon weit in Polen vorgedrungen.<\/p>\n\n\n\n<p class=\"has-black-color has-text-color has-link-color wp-elements-6bd5c6cee28b1f2e7d229f456c4dd531\">Einige wenige hatten damals schon Zweifel, als sie die Propaganda in der Zeitung lasen, viel zu viele \u2013 ja, die allermeisten \u2013 sind begeistert ihrem F\u00fchrer in den Krieg gefolgt, sie haben die Wahrheit erst erkannt, als Europa in Schutt und Asche lag, als \u00fcber 50 Millionen Menschen im Krieg get\u00f6tet worden waren, als sechs Millionen j\u00fcdische Menschen und eine halbe Million Sinti und Roma aus rassistischen Motiven ermordet worden waren.<\/p>\n\n\n\n<p class=\"has-black-color has-text-color has-link-color wp-elements-ae88176a160a0f75f1b5626ccfed1b39\">Die Nazis hatten in ihrer Propaganda und in ihrem Handeln von Anfang an auf den Krieg hin gearbeitet:<\/p>\n\n\n\n<p class=\"has-black-color has-text-color has-link-color wp-elements-e33a42563b970025b5c61bfe65346d14\">Am 30. Januar 1933 hatte Hindenburg den Nazis die Macht \u00fcbertragen. Es dauerte keine Woche, schon am 3. Februar 33 sprach Hitler vor Offizieren der Reichswehr \u00fcber die Gewinnung von \u201eLebensraum im Osten\u201c und dessen \u201eGermanisierung\u201c. Der Rassismus, die Ideologie von der deutschen \u201eHerrenrasse\u201c, rechtfertigte f\u00fcr diese Leute die Unterdr\u00fcckung und Vertreibung anderer Menschen.<\/p>\n\n\n\n<p class=\"has-black-color has-text-color has-link-color wp-elements-3cf176c9f9bd9adbaba9558e9ebc49eb\">Im Herbst 1933 erkl\u00e4rte Nazi-Deutschland den Austritt aus dem V\u00f6lkerbund, der 1920 gegr\u00fcndet worden war um nach den Erfahrungen des Ersten Weltkriegs eine Wiederaufr\u00fcstung Europas und einen erneuten Krieg zu verhindern.<\/p>\n\n\n\n<p class=\"has-black-color has-text-color has-link-color wp-elements-83622522f6ac57298ab9d8178a1bce76\">Parallel dazu wurden Pl\u00e4ne f\u00fcr den Ausbau der R\u00fcstungsindustrie und eine massive Aufr\u00fcstung der deutschen Armee in die Tat umgesetzt. Das Geld daf\u00fcr mussten sich die Deutschen im wahrsten Sinnen des Wortes vom Munde absparen: Joseph Goebbels t\u00f6nte am 17. Januar 1936: &#8222;Man kann zur Not auch einmal ohne Butter, nie aber ohne Kanonen auskommen&#8220;<\/p>\n\n\n\n<p class=\"has-black-color has-text-color has-link-color wp-elements-33fdbd1b137aaa3c1b57a106272b79da\">In der Hitlerjugend, im Arbeitsdienst und in anderen Massenorganisationen wurde die Militarisierung der Gesellschaft vorangetrieben. Hitlers Forderung an die Jugend, sie m\u00fcsse \u201eflink wie Windhunde, z\u00e4h wie Leder und hart wie Kruppstahl\u201c werden, macht zugleich die selbstverst\u00e4ndliche Verbindung mit der R\u00fcstungsindustrie deutlich.<\/p>\n\n\n\n<p class=\"has-black-color has-text-color has-link-color wp-elements-9daae777d30cb95f0f9f6024dce478e2\">Ab 1936 erprobten die deutschen Faschisten ihre Truppen und ihre Waffen in Spanien bei der Unterst\u00fctzung der Putschisten um General Franco. Mit der Bombardierung der baskischen Stadt Guernica haben sie erstmals Fl\u00e4chenbombardements gegen die Zivilbev\u00f6lkerung eingesetzt.<\/p>\n\n\n\n<p class=\"has-black-color has-text-color has-link-color wp-elements-cf96cc22cd0822d401e76caa40ab7ff0\">Ab dem 1. September 1939 \u00fcberzog dann die deutsche Wehrmacht dann ganz Europa mit Krieg &#8211; nicht mit irgendeinem Krieg, sondern mit einem Vernichtungskrieg, in dem Massaker und ab 1941 Massenerschie\u00dfungen der j\u00fcdischen Zivilbev\u00f6lkerung an der Tagesordnung waren. Das war nur m\u00f6glich, weil der Rassismus die anderen f\u00fcr weniger wert erkl\u00e4rte, weil der Nationalismus Deutschland zum wertvollsten Land erkl\u00e4rte, weil der Faschismus die Zugeh\u00f6rigkeit zur Volksgemeinschaft und den Gehorsam gegen\u00fcber dem F\u00fchrer zur wichtigsten Tugend erkl\u00e4rte. Zum Gl\u00fcck wurde die Nazi-Armee im Fr\u00fchjahr 1945 endlich besiegt, zum Gl\u00fcck konnte in Deutschland 1949 die Demokratie einen neuen Anfang wagen.<\/p>\n\n\n\n<p class=\"has-black-color has-text-color has-link-color wp-elements-4a14edd26a89724b934d5bd4273b7599\">Doch auch nach der Niederschlagung des Faschismus gab es noch erschreckend viele, die weiter am Nazi-Weltbild festhielten: Bei der Landtagswahl 1950 kandidierte hier im Oberbergischen Kreis die NS-Nachfolgepartei SRP erstmals und erhielt in Waldbr\u00f6l fast 20% der Stimmen, hier in Wiehl waren es noch \u00fcber 12%. Diese Partei wurde dann 1951 vom Bundesverfassungsgericht verboten, weil damals der Bundeskanzler einen entsprechenden Antrag gestellt hatte \u2013 das nur als kleiner Hinweis an den aktuellen Bundeskanzler (er ist in der selben Partei wie der damalige).<\/p>\n\n\n\n<p class=\"has-black-color has-text-color has-link-color wp-elements-7402f422b1ac54ca597bc3a847b92826\">Und heute? Nach einer langen Phase der Stabilit\u00e4t &#8211; zumindest f\u00fcr uns hier in Europa &#8211; und nach Erfolgen bei der Abr\u00fcstung sind jetzt der Ausbau der R\u00fcstungsindustrie und massive Aufr\u00fcstung wieder politischer &#8222;Mainstream&#8220;, die Entwicklung &#8222;intelligenter&#8220; Waffen scheint wichtiger als die Suche nach intelligenten politischen L\u00f6sungen.<\/p>\n\n\n\n<p class=\"has-black-color has-text-color has-link-color wp-elements-3121e33780761fdb3b9892caab1d4d60\">Extrem rechte Str\u00f6mungen machen sich breit &#8211; auch in den L\u00e4ndern, die im Zweiten Weltkrieg gemeinsam gegen den Faschismus gek\u00e4mpft hatten, in Russland und in den USA sind mit Putin und Trump rassistische Nationalisten an der Macht, die verbrecherische Kriege f\u00fchren. Ist es da nicht naiv, wenn wir hier stehen und &#8222;Nie wieder Krieg&#8220; fordern? K\u00f6nnen wir denn mit einem B\u00e4umchen die Kriegsmaschinerie und den Rechtsruck aufhalten?<\/p>\n\n\n\n<p class=\"has-black-color has-text-color has-link-color wp-elements-503c87bac042a2c5681789b616786af6\">Ja, wir m\u00fcssen hier stehen! Denn es gibt keine Alternative. Wir m\u00fcssen gemeinsam f\u00fcr Frieden und V\u00f6lkerverst\u00e4ndigung eintreten. Nicht nur hier, nicht nur heute, sondern noch viel \u00f6fter und an noch viel mehr Orten. Und wir m\u00fcssen auch an die Wurzel des \u00dcbels gehen. Eine entscheidende Wurzel des Krieges steckt im Nationalismus, im Rassismus, \u00fcberall dort, wo sich Menschen auf Grund irgendeiner \u00c4u\u00dferlichkeit, die sie sich oder anderen zuschreiben, f\u00fcr \u00fcberlegen und bevorrechtigt halten. Das bedeutet, wir m\u00fcssen auch gemeinsam gegen die extreme Rechte, also gegen die AfD auftreten. Nicht nur hier, nicht nur heute, sondern noch viel \u00f6fter und an noch viel mehr Orten.<\/p>\n\n\n\n<p class=\"has-black-color has-text-color has-link-color wp-elements-2c40d24ddf3bdb803a0c4e5743062407\">Und nicht nur wir, sondern auch unsere Kolleginnen und Kollegen, unsere Nachbarn, unsere Kinder und unsere Enkel. Dann k\u00f6nnen wir es schaffen, unseren Ort, unser Land, unseren Planeten bewohnbar und lebenswert zu erhalten. Es gibt keine Alternative!<\/p>\n<\/blockquote>\n\n\n\n<p>Und hier der Bericht der Zeitzeugin:<\/p>\n\n\n\n<blockquote class=\"wp-block-quote is-layout-flow wp-block-quote-is-layout-flow\">\n<p id=\"zeitzeugin\">Aus dem Bericht der Zeitzeugin <strong>Ludwika \u201eLudka\u201c Kot, geborene Kukie\u0142ka, <\/strong><strong>geboren 1932<\/strong><\/p>\n\n\n\n<p class=\"has-black-color has-text-color has-link-color wp-elements-9c1378b985119c39b674f465aafd3a5c\">Wundersch\u00f6ne Roztocze : Kr\u00e4uter, Blumen, sanftes, saftiges Gras um die Bauernh\u00e4user, die T\u00fcmpel bewachsen mit Binsen an den Ufern und das Gequake von Fr\u00f6schen. Solche Landschaften findet man nirgendwo sonst in Polen. Sie sind sicher sch\u00f6n, aber nicht so wie daheim. Den Duft der Kr\u00e4uter und Blumen auf den Feldern und in den W\u00e4ldern vergisst man nicht sein Leben lang. \u2026<\/p>\n\n\n\n<p class=\"has-black-color has-text-color has-link-color wp-elements-3b353f209122723c5dc859ab96f5aa69\">Die Gesellschaft in meiner Umgebung war multikulturell gepr\u00e4gt. Es waren die Polen, die Wei\u00dfrussen, wie unser Nachbar Grabijas in Majdan, Ukrainer, Juden, \u00d6sterreicher. Viel Gutes habe ich seitens befreundeter Juden erfahren, von denen ich oft Leckereien bekam. Sie waren vorwiegend als Kleinladenbesitzer und als anderere H\u00e4ndler t\u00e4tig. \u2026<\/p>\n\n\n\n<p class=\"has-black-color has-text-color has-link-color wp-elements-ffdf920551453616bda2382a382265ad\">Im September 1939 erreichte ich das Schulalter und sollte eingeschult werden. Die Geschichte drehte aber ihr grausames Rad und schrieb f\u00fcr diese Generation ein ganz anderes Drehbuch.<\/p>\n\n\n\n<p class=\"has-black-color has-text-color has-link-color wp-elements-646906dd80a3e1531db77ca46a975e22\">Schon mit den ersten Stunden des Krieges erlebten die Menschen die Unruhen und die Unsicherheit, die mit dem Einzug von fremdem Milit\u00e4r, Luftangriffen und mit alldem, was der Krieg mit sich bringt, verbunden waren. Diese Unruhen und \u00c4ngste dauerten ganze sechs Jahre. In den ersten Kriegstagen versteckten sich die Einwohner unseres Dorfes mit ihrer gesamten Habe in den W\u00e4ldern. Auch unsere Familie. Nach einer Weile kehrten wir zur\u00fcck ins Dorf.<\/p>\n\n\n\n<p class=\"has-black-color has-text-color has-link-color wp-elements-450329e239062902a611242490e4d61f\">Bald kamen die Soldaten der Besatzungsmacht. In unserem Haus, in der noch nicht vollendeten Stube, wurde f\u00fcr die Soldaten, die in unserer Gegend stationiert waren, ein Milit\u00e4rlebensmitteldepot untergebracht. Die Wachsoldaten benahmen sich uns gegen\u00fcber sehr wohlwollend, machten uns Kindern kleine Geschenke und fotografierten die Einwohner.<\/p>\n\n\n\n<p class=\"has-black-color has-text-color has-link-color wp-elements-2f3c42d1f0f277e91dc57c53ddfd279b\">Etwas sp\u00e4ter erfolgte der Abmarsch der Streitkr\u00e4fte der Besatzer Richtung Osten und unsere Region \u00fcbernahm die Gestapo-Administration mit dem Sitz in Bilgoraj. Das Leben schien sich zu normalisieren. Es war jedoch tats\u00e4chlich nur der Schein. Die Repressalien gegen\u00fcber der Zivilbev\u00f6lkerung nahmen mit jedem Tag zu. Hier und dort erfolgten die Verhaftungen, Abtransporte von Jugendlichen zur Zwangsarbeit in das III. Reich. In einem solchen Kontingent befand sich unser Onkel Franek. Die Verhaftungen endeten dramatisch, z. B. im Falle des Priesters Mikolaj Kostrzewa aus Majdan. Ein paar Wochen nach seiner Verhaftung kam die Nachricht, dass er im Konzentrationslager Dachau gestorben ist. Das t\u00e4gliche Leben wurde zu einem Alptraum, der jeden Tag und jede Nacht mit Angst erf\u00fcllte.<\/p>\n\n\n\n<p class=\"has-black-color has-text-color has-link-color wp-elements-621b83f5fb8378e0ac4ca3230e19c61f\">\u2026<\/p>\n\n\n\n<p class=\"has-black-color has-text-color has-link-color wp-elements-3095ce0e5ae6a3a25087fd03d32f9ce8\">In unserer Gegend entstand der bewaffnete Widerstand. Es gab Angriffe auf den Sitz der Gestapo, es kam zu Sabotageakten und \u00e4hnlichen Aktionen. Die Repressalien seitens der Besatzer nahmen noch zu. Die Juden und die jungen M\u00e4nner wurden \u201epazifiziert\u201c und in die Todeslager gebracht.<\/p>\n\n\n\n<p class=\"has-black-color has-text-color has-link-color wp-elements-47dd0fa1f7bd622d7a3a0ecc679b0770\">1940-41 ging ich zur Schule. Es war wirklich nur kurze Zeit. 1942 verh\u00e4ngte die Gestapo ein Schulverbot. So endete meine Bildung in der ersten Klasse. Meine Zeit verbrachte ich mit Unterst\u00fctzung meiner Mama bei den Hausarbeiten und beim H\u00fcten der K\u00fche. Diese schwierigste Aufgabe \u00fcberhaupt \u00fcbernahm manchmal mein zwei Jahre j\u00fcngerer Bruder Czesiek.<\/p>\n\n\n\n<p class=\"has-black-color has-text-color has-link-color wp-elements-079a686a9e4f5e24e5c50550e89afb3e\">Es war im Juni. &#8230; Am Morgen weidete Czesiek die K\u00fche &#8230; und die restliche Familie sa\u00df am Fr\u00fchst\u00fcckstisch. Pl\u00f6tzlich sahen wir aus dem Fenster die Schwarmlinie von bewaffneten deutschen Soldaten mit Hunden, die aus der Waldrichtung auf das Dorf zukamen. Unser Haus war als erstes dran. Sie dr\u00e4ngten in die Stube, schmissen uns raus auf die Stra\u00dfe und durchk\u00e4mmten den Hof. Es gab keine M\u00f6glichkeit irgendetwas von Zuhause mitzunehmen. Nichts passte zusammen. Einerseits war es ein sommerlicher Tag, pr\u00e4chtige Natur in Bl\u00fcte, gedeihendes Getreide auf den Feldern, das gute Ernte versprach und andererseits das Drama der Menschen, die ihr Lebenswerk zur\u00fccklassen mussten. Der erschossene Hund und die verlassenen Haustiere. So erging es auch allen anderen Familien in unserem Dorf. Wir wurden in einer Kolonne aufgestellt, die von Soldaten mit Hunden umringt und vor sich hergetrieben wurde. Zu der Kolonne stie\u00df noch mein j\u00fcngerer Bruder Czesiek, Augen voller Tr\u00e4nen und blau vor Angst. So waren wir aber alle zusammen und allein das z\u00e4hlte. Er hatte viel Gl\u00fcck, weil alle diejenigen, die auf den Feldern arbeiteten oder das Vieh h\u00fcteten, durch die Deutschen umgebracht wurden. So starb die Schwester unserer Schw\u00e4gerin Janka Szczachor, das kleine M\u00e4dchen, das die K\u00fche h\u00fctete. Das Eintreiben von Menschen und Durchk\u00e4mmen vom Terrain wurden mit deutscher Gr\u00fcndlichkeit durchgef\u00fchrt. Haus um Haus, Anwesen um Anwesen.<\/p>\n\n\n\n<p class=\"has-black-color has-text-color has-link-color wp-elements-621b83f5fb8378e0ac4ca3230e19c61f\">\u2026<\/p>\n\n\n\n<p class=\"has-black-color has-text-color has-link-color wp-elements-594b2320c1811b26da98c88493f15860\"><em>Schlussbemerkung:<\/em><\/p>\n\n\n\n<p class=\"has-black-color has-text-color has-link-color wp-elements-d7d638c5c4a9fb8ee3a0434c1499f896\"><em>Was die Menschen in den D\u00f6rfern und insbesondere Ludka Kukielka damals noch nicht wussten: Das Gebiet, in dem sie wohnte, war von den Nazis als Siedlungsgebiet f\u00fcr Deutsche vorgesehen. Deshalb wurde die polnische Bev\u00f6lkerung dort vertrieben und in unterschiedlichen Lagern interniert, Die Menschen erlebten eine Irrfahrt von Lager zu Lager, ohne zu wissen, was sie erwartet. Ein Teil von ihnen wurde schlie\u00dflich mit der Bahn in Viehwaggons unter unmenschlichen Bedingungen nach Deutschland zur Zwangsarbeit deportiert. Die Familie Kukielka landete schlie\u00dflich in Gummersbach, wo die Eltern bis zum Ende des Krieges in der Textilfabrik Sondermann schufteten.<\/em><\/p>\n\n\n\n<p class=\"has-black-color has-text-color has-link-color wp-elements-99d8c4212a87de07c55df22831286b05\"><em>Den kompletten Bericht von Ludka Kukielka kann man auf der <\/em><a href=\"https:\/\/www.oberberg-ist-bunt.org\/wordpress\/bericht-der-zeitzeugin-ludwika-kot-geb-kukielka\/\" target=\"_blank\" rel=\"noreferrer noopener\">https:\/\/www.oberberg-ist-bunt.org\/wordpress\/bericht-der-zeitzeugin-ludwika-kot-geb-kukielka\/<\/a><em>Homepage von \u201eOberberg ist bunt\u201c nachlesen.<\/em><\/p>\n\n\n\n<p><\/p>\n<\/blockquote>\n\n\n\n<p><\/p>\n","protected":false},"excerpt":{"rendered":"<p>Der 1. September als Antikriegstag erinnert an den 1. September 1939, als das faschistische Deutschland Europa in die Katastrophe st\u00fcrzte. &#8230; Die Nazis hatten in ihrer Propaganda und in ihrem Handeln von Anfang an auf den Krieg hin gearbeitet. Wir m\u00fcssen gemeinsam gegen die extreme Rechte, also gegen die AfD auftreten. Nicht nur hier, nicht [&hellip;]<\/p>\n","protected":false},"author":2,"featured_media":0,"comment_status":"closed","ping_status":"open","sticky":false,"template":"","format":"standard","meta":{"footnotes":""},"categories":[1,17,18,11,8,13],"tags":[],"class_list":["post-6802","post","type-post","status-publish","format-standard","hentry","category-allgemein","category-antifaschismus","category-erinnern-und-mahnen","category-gefluechtete","category-ns-geschichte","category-rassismus"],"_links":{"self":[{"href":"https:\/\/www.oberberg-ist-bunt.org\/wordpress\/wp-json\/wp\/v2\/posts\/6802","targetHints":{"allow":["GET"]}}],"collection":[{"href":"https:\/\/www.oberberg-ist-bunt.org\/wordpress\/wp-json\/wp\/v2\/posts"}],"about":[{"href":"https:\/\/www.oberberg-ist-bunt.org\/wordpress\/wp-json\/wp\/v2\/types\/post"}],"author":[{"embeddable":true,"href":"https:\/\/www.oberberg-ist-bunt.org\/wordpress\/wp-json\/wp\/v2\/users\/2"}],"replies":[{"embeddable":true,"href":"https:\/\/www.oberberg-ist-bunt.org\/wordpress\/wp-json\/wp\/v2\/comments?post=6802"}],"version-history":[{"count":2,"href":"https:\/\/www.oberberg-ist-bunt.org\/wordpress\/wp-json\/wp\/v2\/posts\/6802\/revisions"}],"predecessor-version":[{"id":6817,"href":"https:\/\/www.oberberg-ist-bunt.org\/wordpress\/wp-json\/wp\/v2\/posts\/6802\/revisions\/6817"}],"wp:attachment":[{"href":"https:\/\/www.oberberg-ist-bunt.org\/wordpress\/wp-json\/wp\/v2\/media?parent=6802"}],"wp:term":[{"taxonomy":"category","embeddable":true,"href":"https:\/\/www.oberberg-ist-bunt.org\/wordpress\/wp-json\/wp\/v2\/categories?post=6802"},{"taxonomy":"post_tag","embeddable":true,"href":"https:\/\/www.oberberg-ist-bunt.org\/wordpress\/wp-json\/wp\/v2\/tags?post=6802"}],"curies":[{"name":"wp","href":"https:\/\/api.w.org\/{rel}","templated":true}]}}